{"id":39294,"date":"2022-08-18T14:47:03","date_gmt":"2022-08-18T12:47:03","guid":{"rendered":"https:\/\/www.prismatibro.se\/groen-side-af-colombia-gennem-ankarstiftelsen\/"},"modified":"2023-01-31T16:25:43","modified_gmt":"2023-01-31T15:25:43","slug":"groen-side-af-colombia-gennem-ankarstiftelsen","status":"publish","type":"post","link":"https:\/\/www.prismatibro.se\/da\/groen-side-af-colombia-gennem-ankarstiftelsen\/","title":{"rendered":"Gr\u00f8n side af Colombia &#8211; gennem Ankarstiftelsen"},"content":{"rendered":"<div class=\"fusion-fullwidth fullwidth-box fusion-builder-row-1 fusion-flex-container nonhundred-percent-fullwidth non-hundred-percent-height-scrolling\" style=\"--awb-border-radius-top-left:0px;--awb-border-radius-top-right:0px;--awb-border-radius-bottom-right:0px;--awb-border-radius-bottom-left:0px;--awb-flex-wrap:wrap;\" ><div class=\"fusion-builder-row fusion-row fusion-flex-align-items-flex-start fusion-flex-content-wrap\" style=\"max-width:1996.8px;margin-left: calc(-4% \/ 2 );margin-right: calc(-4% \/ 2 );\"><div class=\"fusion-layout-column fusion_builder_column fusion-builder-column-0 fusion_builder_column_1_1 1_1 fusion-flex-column\" style=\"--awb-bg-size:cover;--awb-width-large:100%;--awb-margin-top-large:0px;--awb-spacing-right-large:1.92%;--awb-margin-bottom-large:20px;--awb-spacing-left-large:1.92%;--awb-width-medium:100%;--awb-order-medium:0;--awb-spacing-right-medium:1.92%;--awb-spacing-left-medium:1.92%;--awb-width-small:100%;--awb-order-small:0;--awb-spacing-right-small:1.92%;--awb-spacing-left-small:1.92%;\"><div class=\"fusion-column-wrapper fusion-column-has-shadow fusion-flex-justify-content-flex-start fusion-content-layout-column\"><div class=\"fusion-image-element \" style=\"--awb-caption-title-font-family:var(--h2_typography-font-family);--awb-caption-title-font-weight:var(--h2_typography-font-weight);--awb-caption-title-font-style:var(--h2_typography-font-style);--awb-caption-title-size:var(--h2_typography-font-size);--awb-caption-title-transform:var(--h2_typography-text-transform);--awb-caption-title-line-height:var(--h2_typography-line-height);--awb-caption-title-letter-spacing:var(--h2_typography-letter-spacing);\"><span class=\" fusion-imageframe imageframe-none imageframe-1 hover-type-none\"><a class=\"fusion-no-lightbox\" href=\"https:\/\/ankarstiftelsen.se\" target=\"_blank\" aria-label=\"prismatibro-ankarstiftelsen_800x600_210428-01\" rel=\"noopener noreferrer\"><img decoding=\"async\" width=\"800\" height=\"504\" alt=\"PrismaTibro och Ankarstiftelsen\" src=\"https:\/\/www.prismatibro.se\/wp-content\/uploads\/2021\/04\/prismatibro-ankarstiftelsen_800x600_210428-01.jpg\" data-orig-src=\"https:\/\/www.prismatibro.se\/wp-content\/uploads\/2021\/04\/prismatibro-ankarstiftelsen_800x600_210428-01.jpg\" class=\"lazyload img-responsive wp-image-31948\" srcset=\"data:image\/svg+xml,%3Csvg%20xmlns%3D%27http%3A%2F%2Fwww.w3.org%2F2000%2Fsvg%27%20width%3D%27800%27%20height%3D%27504%27%20viewBox%3D%270%200%20800%20504%27%3E%3Crect%20width%3D%27800%27%20height%3D%27504%27%20fill-opacity%3D%220%22%2F%3E%3C%2Fsvg%3E\" data-srcset=\"https:\/\/www.prismatibro.se\/wp-content\/uploads\/2021\/04\/prismatibro-ankarstiftelsen_800x600_210428-01-200x126.jpg 200w, https:\/\/www.prismatibro.se\/wp-content\/uploads\/2021\/04\/prismatibro-ankarstiftelsen_800x600_210428-01-400x252.jpg 400w, https:\/\/www.prismatibro.se\/wp-content\/uploads\/2021\/04\/prismatibro-ankarstiftelsen_800x600_210428-01-600x378.jpg 600w, https:\/\/www.prismatibro.se\/wp-content\/uploads\/2021\/04\/prismatibro-ankarstiftelsen_800x600_210428-01.jpg 800w\" data-sizes=\"auto\" data-orig-sizes=\"(max-width: 1024px) 100vw, (max-width: 640px) 100vw, 800px\" \/><\/a><\/span><\/div><div class=\"fusion-text fusion-text-1\"><h1>Gr\u00f8nne side<\/h1>\n<p>Det handler om fodbold. Det handler om meget mere end fodbold.<\/p>\n<h2>Baggrund<\/h2>\n<p>Fremtiden for b\u00f8rn i Colombia er lige s\u00e5 usikker som i resten af \u200b\u200bverden, men foruds\u00e6tningerne adskiller sig enormt fra dem, vi (for det meste) ser i Sverige eller i Danmark. Kriminalitet lokker status, penge og magt. Unge betragter \u00e6ldre mennesker, der ser ud til at have al det som lokker. De helt unge f\u00e5r ofte tilbud om at k\u00f8re mindre sager, i f\u00f8rste omgang helt uskyldige sager, for derefter at blive lokket til at tage risici og mere ansvar.<\/p>\n<h3>Fodbold<\/h3>\n<p>-&#8220;Du burde g\u00e5 i skole i stedet for at g\u00f8re s\u00e5dan noget&#8230;!&#8221;<br \/>\n-&#8220;Se, det her er bedre, jeg vil v\u00e6re nogen, blive rig&#8221;<br \/>\n-&#8220;OK, jeg forst\u00e5r det, men hvis du g\u00e5r i skole, kommer du til at spille fodbold &#8211; Upside&#8221;<br \/>\n\u2013&#8221;&#8230;&#8221;<br \/>\n\u2013&#8221;Had siger du?&#8221;<br \/>\n\u2013&#8221;Mener du, at jeg m\u00e5 v\u00e6re med til at spille&#8230;p\u00e5 holdet&#8230;ikke bare hente bolde og se p\u00e5?&#8221;<br \/>\n\u2013&#8221;Jep, du bliver spiller p\u00e5 et hold&#8221;<br \/>\n\u2013&#8221;Ja!?, ordner du min skoleuniform og f\u00f8lger mig derhen i morgen?&#8221;<br \/>\n\u2013&#8221;Absolut, det kan du tro!.&#8221;<\/p>\n<h3>Meget mere<\/h3>\n<ul>\n<li>Trods Covid 19 og karant\u00e6ne var det muligt for os at forts\u00e6tte med det sociale idr\u00e6tsarbejde og p\u00e5 den m\u00e5de mindske de negative effekter af pandemien p\u00e5 det personlige og famili\u00e6re plan. Dette skete genne digitale m\u00f8der.<\/li>\n<li>Digital idr\u00e6tstr\u00e6ning<\/li>\n<li>Vi genomf\u00f8rte ogs\u00e5 samtaler og workshops om sundhedsm\u00e6ssig dynamik i hjemmet, derudover sp\u00f8rgsm\u00e5l relaterede til ikke-voldsom og respektfuld kommunikation, styrkels af selvf\u00f8lelsen hos unge eller b\u00f8rn som er blevet mishandlede af for\u00e6ldre eller kammerater, selvkontrol som en strategi til konfliktl\u00f8sning, stressh\u00e5ndtering, angst m m.<\/li>\n<li>Sp\u00f8rgsm\u00e5l om selvmordsforebyggende arbejde diskuteredes ogs\u00e5 med for\u00e6ldrene, hvor man betoner v\u00e6gten af v\u00e6rgers st\u00f8tte og n\u00e6rv\u00e6rd til den mindre\u00e5rige i krisesituationer o ved andre h\u00e6ndelser, som kan v\u00e6re sv\u00e6re at h\u00e5ndtere..<\/li>\n<li>Vi fortsatte den m\u00e5nedlige humanit\u00e6re bistand og andre n\u00f8dhj\u00e6lpsindsatser til familierne og modtagerne, s\u00e5som madleverancer i flere m\u00e5neder.<\/li>\n<li>I december blev der givet donationer i form af gaver til de forskellige projekter i byen Medell\u00edn.<\/li>\n<li>I l\u00f8bet af december uddelte vi gaver til b\u00f8rnene i Anori, El Pinar og Limonar.<\/li>\n<li>Det lykkedes os at konsolidere det seri\u00f8se samarbejde med et FN-agentur.<\/li>\n<\/ul>\n<h3>Mere info<\/h3>\n<p><a href=\"https:\/\/www.prismatibro.se\/kontakt\/per-olof\/\">Kontakt PeO Allerth \u2013 <strong>KLIK HER<\/strong> \u2013 ansat p\u00e5 PrismaTibro men ogs\u00e5 p\u00e5 Ankarstiftelsen<\/a><\/p>\n<\/div><\/div><\/div><\/div><\/div>\n","protected":false},"excerpt":{"rendered":"<p>Det handler om fodbold. Det handler om meget mere end fodbold. Fremtiden for b\u00f8rn i Colombia er lige s\u00e5 usikker som i resten af \u200b\u200bverden, men&#8230;<\/p>\n","protected":false},"author":18,"featured_media":31948,"comment_status":"closed","ping_status":"open","sticky":false,"template":"","format":"standard","meta":{"footnotes":""},"categories":[1284],"tags":[],"class_list":["post-39294","post","type-post","status-publish","format-standard","has-post-thumbnail","hentry","category-agenda-2030-da"],"yoast_head":"<!-- This site is optimized with the Yoast SEO plugin v27.5 - https:\/\/yoast.com\/product\/yoast-seo-wordpress\/ -->\n<title>Gr\u00f8n side af Colombia - gennem Ankarstiftelsen | PrismaTibro<\/title>\n<meta name=\"description\" content=\"Gr\u00f8n side af Colombia - gennem Ankarstiftelsen. Fremtiden for b\u00f8rn i Colombia er lige s\u00e5 usikker som i resten af \u200b\u200bverden, men...\" \/>\n<meta name=\"robots\" content=\"index, follow, max-snippet:-1, max-image-preview:large, max-video-preview:-1\" \/>\n<link rel=\"canonical\" href=\"https:\/\/www.prismatibro.se\/da\/groen-side-af-colombia-gennem-ankarstiftelsen\/\" \/>\n<meta property=\"og:locale\" content=\"da_DK\" \/>\n<meta property=\"og:type\" content=\"article\" \/>\n<meta property=\"og:title\" content=\"Gr\u00f8n side af Colombia - gennem Ankarstiftelsen | PrismaTibro\" \/>\n<meta property=\"og:description\" content=\"Gr\u00f8n side af Colombia - gennem Ankarstiftelsen. Fremtiden for b\u00f8rn i Colombia er lige s\u00e5 usikker som i resten af \u200b\u200bverden, men...\" \/>\n<meta property=\"og:url\" content=\"https:\/\/www.prismatibro.se\/da\/groen-side-af-colombia-gennem-ankarstiftelsen\/\" \/>\n<meta property=\"og:site_name\" content=\"PrismaTibro\" \/>\n<meta property=\"article:published_time\" content=\"2022-08-18T12:47:03+00:00\" \/>\n<meta property=\"article:modified_time\" content=\"2023-01-31T15:25:43+00:00\" \/>\n<meta property=\"og:image\" content=\"https:\/\/www.prismatibro.se\/wp-content\/uploads\/2021\/04\/prismatibro-ankarstiftelsen_800x600_210428-01.jpg\" \/>\n\t<meta property=\"og:image:width\" content=\"800\" \/>\n\t<meta property=\"og:image:height\" content=\"504\" \/>\n\t<meta property=\"og:image:type\" content=\"image\/jpeg\" \/>\n<meta name=\"author\" content=\"Mac Edin\" \/>\n<meta name=\"twitter:card\" content=\"summary_large_image\" \/>\n<meta name=\"twitter:label1\" content=\"Skrevet af\" \/>\n\t<meta name=\"twitter:data1\" content=\"Mac Edin\" \/>\n\t<meta name=\"twitter:label2\" content=\"Estimeret l\u00e6setid\" \/>\n\t<meta name=\"twitter:data2\" content=\"4 minutter\" \/>\n<script type=\"application\/ld+json\" class=\"yoast-schema-graph\">{\"@context\":\"https:\\\/\\\/schema.org\",\"@graph\":[{\"@type\":\"Article\",\"@id\":\"https:\\\/\\\/www.prismatibro.se\\\/da\\\/groen-side-af-colombia-gennem-ankarstiftelsen\\\/#article\",\"isPartOf\":{\"@id\":\"https:\\\/\\\/www.prismatibro.se\\\/da\\\/groen-side-af-colombia-gennem-ankarstiftelsen\\\/\"},\"author\":{\"name\":\"Mac Edin\",\"@id\":\"https:\\\/\\\/www.prismatibro.se\\\/da\\\/#\\\/schema\\\/person\\\/4341f8398e378c57c4d717e13a7eff63\"},\"headline\":\"Gr\u00f8n side af Colombia &#8211; gennem Ankarstiftelsen\",\"datePublished\":\"2022-08-18T12:47:03+00:00\",\"dateModified\":\"2023-01-31T15:25:43+00:00\",\"mainEntityOfPage\":{\"@id\":\"https:\\\/\\\/www.prismatibro.se\\\/da\\\/groen-side-af-colombia-gennem-ankarstiftelsen\\\/\"},\"wordCount\":1174,\"publisher\":{\"@id\":\"https:\\\/\\\/www.prismatibro.se\\\/da\\\/#organization\"},\"image\":{\"@id\":\"https:\\\/\\\/www.prismatibro.se\\\/da\\\/groen-side-af-colombia-gennem-ankarstiftelsen\\\/#primaryimage\"},\"thumbnailUrl\":\"https:\\\/\\\/www.prismatibro.se\\\/wp-content\\\/uploads\\\/2021\\\/04\\\/prismatibro-ankarstiftelsen_800x600_210428-01.jpg\",\"articleSection\":[\"Agenda 2030\"],\"inLanguage\":\"da-DK\"},{\"@type\":\"WebPage\",\"@id\":\"https:\\\/\\\/www.prismatibro.se\\\/da\\\/groen-side-af-colombia-gennem-ankarstiftelsen\\\/\",\"url\":\"https:\\\/\\\/www.prismatibro.se\\\/da\\\/groen-side-af-colombia-gennem-ankarstiftelsen\\\/\",\"name\":\"Gr\u00f8n side af Colombia - gennem Ankarstiftelsen | PrismaTibro\",\"isPartOf\":{\"@id\":\"https:\\\/\\\/www.prismatibro.se\\\/da\\\/#website\"},\"primaryImageOfPage\":{\"@id\":\"https:\\\/\\\/www.prismatibro.se\\\/da\\\/groen-side-af-colombia-gennem-ankarstiftelsen\\\/#primaryimage\"},\"image\":{\"@id\":\"https:\\\/\\\/www.prismatibro.se\\\/da\\\/groen-side-af-colombia-gennem-ankarstiftelsen\\\/#primaryimage\"},\"thumbnailUrl\":\"https:\\\/\\\/www.prismatibro.se\\\/wp-content\\\/uploads\\\/2021\\\/04\\\/prismatibro-ankarstiftelsen_800x600_210428-01.jpg\",\"datePublished\":\"2022-08-18T12:47:03+00:00\",\"dateModified\":\"2023-01-31T15:25:43+00:00\",\"description\":\"Gr\u00f8n side af Colombia - gennem Ankarstiftelsen. Fremtiden for b\u00f8rn i Colombia er lige s\u00e5 usikker som i resten af \u200b\u200bverden, men...\",\"breadcrumb\":{\"@id\":\"https:\\\/\\\/www.prismatibro.se\\\/da\\\/groen-side-af-colombia-gennem-ankarstiftelsen\\\/#breadcrumb\"},\"inLanguage\":\"da-DK\",\"potentialAction\":[{\"@type\":\"ReadAction\",\"target\":[\"https:\\\/\\\/www.prismatibro.se\\\/da\\\/groen-side-af-colombia-gennem-ankarstiftelsen\\\/\"]}]},{\"@type\":\"ImageObject\",\"inLanguage\":\"da-DK\",\"@id\":\"https:\\\/\\\/www.prismatibro.se\\\/da\\\/groen-side-af-colombia-gennem-ankarstiftelsen\\\/#primaryimage\",\"url\":\"https:\\\/\\\/www.prismatibro.se\\\/wp-content\\\/uploads\\\/2021\\\/04\\\/prismatibro-ankarstiftelsen_800x600_210428-01.jpg\",\"contentUrl\":\"https:\\\/\\\/www.prismatibro.se\\\/wp-content\\\/uploads\\\/2021\\\/04\\\/prismatibro-ankarstiftelsen_800x600_210428-01.jpg\",\"width\":800,\"height\":504,\"caption\":\"PrismaTibro och Ankarstiftelsen\"},{\"@type\":\"BreadcrumbList\",\"@id\":\"https:\\\/\\\/www.prismatibro.se\\\/da\\\/groen-side-af-colombia-gennem-ankarstiftelsen\\\/#breadcrumb\",\"itemListElement\":[{\"@type\":\"ListItem\",\"position\":1,\"name\":\"Hem\",\"item\":\"https:\\\/\\\/www.prismatibro.se\\\/da\\\/\"},{\"@type\":\"ListItem\",\"position\":2,\"name\":\"Gr\u00f8n side af Colombia &#8211; gennem Ankarstiftelsen\"}]},{\"@type\":\"WebSite\",\"@id\":\"https:\\\/\\\/www.prismatibro.se\\\/da\\\/#website\",\"url\":\"https:\\\/\\\/www.prismatibro.se\\\/da\\\/\",\"name\":\"PrismaTibro Sweden\",\"description\":\"Pedestrian Signal, \u00d6verg\u00e5ngssignal, D\u00f6rr\u00f6ppnare, Deflection Indikator, LED gatubelysning\",\"publisher\":{\"@id\":\"https:\\\/\\\/www.prismatibro.se\\\/da\\\/#organization\"},\"potentialAction\":[{\"@type\":\"SearchAction\",\"target\":{\"@type\":\"EntryPoint\",\"urlTemplate\":\"https:\\\/\\\/www.prismatibro.se\\\/da\\\/?s={search_term_string}\"},\"query-input\":{\"@type\":\"PropertyValueSpecification\",\"valueRequired\":true,\"valueName\":\"search_term_string\"}}],\"inLanguage\":\"da-DK\"},{\"@type\":\"Organization\",\"@id\":\"https:\\\/\\\/www.prismatibro.se\\\/da\\\/#organization\",\"name\":\"PrismaTibro\",\"url\":\"https:\\\/\\\/www.prismatibro.se\\\/da\\\/\",\"logo\":{\"@type\":\"ImageObject\",\"inLanguage\":\"da-DK\",\"@id\":\"https:\\\/\\\/www.prismatibro.se\\\/da\\\/#\\\/schema\\\/logo\\\/image\\\/\",\"url\":\"https:\\\/\\\/www.prismatibro.se\\\/wp-content\\\/uploads\\\/2017\\\/08\\\/PrismaTibro_logo_207x52_170807-01@2x.png\",\"contentUrl\":\"https:\\\/\\\/www.prismatibro.se\\\/wp-content\\\/uploads\\\/2017\\\/08\\\/PrismaTibro_logo_207x52_170807-01@2x.png\",\"width\":414,\"height\":104,\"caption\":\"PrismaTibro\"},\"image\":{\"@id\":\"https:\\\/\\\/www.prismatibro.se\\\/da\\\/#\\\/schema\\\/logo\\\/image\\\/\"},\"sameAs\":[\"https:\\\/\\\/www.linkedin.com\\\/company\\\/prismatibro\"]},{\"@type\":\"Person\",\"@id\":\"https:\\\/\\\/www.prismatibro.se\\\/da\\\/#\\\/schema\\\/person\\\/4341f8398e378c57c4d717e13a7eff63\",\"name\":\"Mac Edin\",\"image\":{\"@type\":\"ImageObject\",\"inLanguage\":\"da-DK\",\"@id\":\"https:\\\/\\\/secure.gravatar.com\\\/avatar\\\/8abb64c57e6908ab4b70e2d2255a47f463944298cfe2ff80ad15b7e83ad6ec39?s=96&d=mm&r=g\",\"url\":\"https:\\\/\\\/secure.gravatar.com\\\/avatar\\\/8abb64c57e6908ab4b70e2d2255a47f463944298cfe2ff80ad15b7e83ad6ec39?s=96&d=mm&r=g\",\"contentUrl\":\"https:\\\/\\\/secure.gravatar.com\\\/avatar\\\/8abb64c57e6908ab4b70e2d2255a47f463944298cfe2ff80ad15b7e83ad6ec39?s=96&d=mm&r=g\",\"caption\":\"Mac Edin\"}}]}<\/script>\n<!-- \/ Yoast SEO plugin. -->","yoast_head_json":{"title":"Gr\u00f8n side af Colombia - gennem Ankarstiftelsen | PrismaTibro","description":"Gr\u00f8n side af Colombia - gennem Ankarstiftelsen. Fremtiden for b\u00f8rn i Colombia er lige s\u00e5 usikker som i resten af \u200b\u200bverden, men...","robots":{"index":"index","follow":"follow","max-snippet":"max-snippet:-1","max-image-preview":"max-image-preview:large","max-video-preview":"max-video-preview:-1"},"canonical":"https:\/\/www.prismatibro.se\/da\/groen-side-af-colombia-gennem-ankarstiftelsen\/","og_locale":"da_DK","og_type":"article","og_title":"Gr\u00f8n side af Colombia - gennem Ankarstiftelsen | PrismaTibro","og_description":"Gr\u00f8n side af Colombia - gennem Ankarstiftelsen. Fremtiden for b\u00f8rn i Colombia er lige s\u00e5 usikker som i resten af \u200b\u200bverden, men...","og_url":"https:\/\/www.prismatibro.se\/da\/groen-side-af-colombia-gennem-ankarstiftelsen\/","og_site_name":"PrismaTibro","article_published_time":"2022-08-18T12:47:03+00:00","article_modified_time":"2023-01-31T15:25:43+00:00","og_image":[{"width":800,"height":504,"url":"https:\/\/www.prismatibro.se\/wp-content\/uploads\/2021\/04\/prismatibro-ankarstiftelsen_800x600_210428-01.jpg","type":"image\/jpeg"}],"author":"Mac Edin","twitter_card":"summary_large_image","twitter_misc":{"Skrevet af":"Mac Edin","Estimeret l\u00e6setid":"4 minutter"},"schema":{"@context":"https:\/\/schema.org","@graph":[{"@type":"Article","@id":"https:\/\/www.prismatibro.se\/da\/groen-side-af-colombia-gennem-ankarstiftelsen\/#article","isPartOf":{"@id":"https:\/\/www.prismatibro.se\/da\/groen-side-af-colombia-gennem-ankarstiftelsen\/"},"author":{"name":"Mac Edin","@id":"https:\/\/www.prismatibro.se\/da\/#\/schema\/person\/4341f8398e378c57c4d717e13a7eff63"},"headline":"Gr\u00f8n side af Colombia &#8211; gennem Ankarstiftelsen","datePublished":"2022-08-18T12:47:03+00:00","dateModified":"2023-01-31T15:25:43+00:00","mainEntityOfPage":{"@id":"https:\/\/www.prismatibro.se\/da\/groen-side-af-colombia-gennem-ankarstiftelsen\/"},"wordCount":1174,"publisher":{"@id":"https:\/\/www.prismatibro.se\/da\/#organization"},"image":{"@id":"https:\/\/www.prismatibro.se\/da\/groen-side-af-colombia-gennem-ankarstiftelsen\/#primaryimage"},"thumbnailUrl":"https:\/\/www.prismatibro.se\/wp-content\/uploads\/2021\/04\/prismatibro-ankarstiftelsen_800x600_210428-01.jpg","articleSection":["Agenda 2030"],"inLanguage":"da-DK"},{"@type":"WebPage","@id":"https:\/\/www.prismatibro.se\/da\/groen-side-af-colombia-gennem-ankarstiftelsen\/","url":"https:\/\/www.prismatibro.se\/da\/groen-side-af-colombia-gennem-ankarstiftelsen\/","name":"Gr\u00f8n side af Colombia - gennem Ankarstiftelsen | PrismaTibro","isPartOf":{"@id":"https:\/\/www.prismatibro.se\/da\/#website"},"primaryImageOfPage":{"@id":"https:\/\/www.prismatibro.se\/da\/groen-side-af-colombia-gennem-ankarstiftelsen\/#primaryimage"},"image":{"@id":"https:\/\/www.prismatibro.se\/da\/groen-side-af-colombia-gennem-ankarstiftelsen\/#primaryimage"},"thumbnailUrl":"https:\/\/www.prismatibro.se\/wp-content\/uploads\/2021\/04\/prismatibro-ankarstiftelsen_800x600_210428-01.jpg","datePublished":"2022-08-18T12:47:03+00:00","dateModified":"2023-01-31T15:25:43+00:00","description":"Gr\u00f8n side af Colombia - gennem Ankarstiftelsen. Fremtiden for b\u00f8rn i Colombia er lige s\u00e5 usikker som i resten af \u200b\u200bverden, men...","breadcrumb":{"@id":"https:\/\/www.prismatibro.se\/da\/groen-side-af-colombia-gennem-ankarstiftelsen\/#breadcrumb"},"inLanguage":"da-DK","potentialAction":[{"@type":"ReadAction","target":["https:\/\/www.prismatibro.se\/da\/groen-side-af-colombia-gennem-ankarstiftelsen\/"]}]},{"@type":"ImageObject","inLanguage":"da-DK","@id":"https:\/\/www.prismatibro.se\/da\/groen-side-af-colombia-gennem-ankarstiftelsen\/#primaryimage","url":"https:\/\/www.prismatibro.se\/wp-content\/uploads\/2021\/04\/prismatibro-ankarstiftelsen_800x600_210428-01.jpg","contentUrl":"https:\/\/www.prismatibro.se\/wp-content\/uploads\/2021\/04\/prismatibro-ankarstiftelsen_800x600_210428-01.jpg","width":800,"height":504,"caption":"PrismaTibro och Ankarstiftelsen"},{"@type":"BreadcrumbList","@id":"https:\/\/www.prismatibro.se\/da\/groen-side-af-colombia-gennem-ankarstiftelsen\/#breadcrumb","itemListElement":[{"@type":"ListItem","position":1,"name":"Hem","item":"https:\/\/www.prismatibro.se\/da\/"},{"@type":"ListItem","position":2,"name":"Gr\u00f8n side af Colombia &#8211; gennem Ankarstiftelsen"}]},{"@type":"WebSite","@id":"https:\/\/www.prismatibro.se\/da\/#website","url":"https:\/\/www.prismatibro.se\/da\/","name":"PrismaTibro Sweden","description":"Pedestrian Signal, \u00d6verg\u00e5ngssignal, D\u00f6rr\u00f6ppnare, Deflection Indikator, LED gatubelysning","publisher":{"@id":"https:\/\/www.prismatibro.se\/da\/#organization"},"potentialAction":[{"@type":"SearchAction","target":{"@type":"EntryPoint","urlTemplate":"https:\/\/www.prismatibro.se\/da\/?s={search_term_string}"},"query-input":{"@type":"PropertyValueSpecification","valueRequired":true,"valueName":"search_term_string"}}],"inLanguage":"da-DK"},{"@type":"Organization","@id":"https:\/\/www.prismatibro.se\/da\/#organization","name":"PrismaTibro","url":"https:\/\/www.prismatibro.se\/da\/","logo":{"@type":"ImageObject","inLanguage":"da-DK","@id":"https:\/\/www.prismatibro.se\/da\/#\/schema\/logo\/image\/","url":"https:\/\/www.prismatibro.se\/wp-content\/uploads\/2017\/08\/PrismaTibro_logo_207x52_170807-01@2x.png","contentUrl":"https:\/\/www.prismatibro.se\/wp-content\/uploads\/2017\/08\/PrismaTibro_logo_207x52_170807-01@2x.png","width":414,"height":104,"caption":"PrismaTibro"},"image":{"@id":"https:\/\/www.prismatibro.se\/da\/#\/schema\/logo\/image\/"},"sameAs":["https:\/\/www.linkedin.com\/company\/prismatibro"]},{"@type":"Person","@id":"https:\/\/www.prismatibro.se\/da\/#\/schema\/person\/4341f8398e378c57c4d717e13a7eff63","name":"Mac Edin","image":{"@type":"ImageObject","inLanguage":"da-DK","@id":"https:\/\/secure.gravatar.com\/avatar\/8abb64c57e6908ab4b70e2d2255a47f463944298cfe2ff80ad15b7e83ad6ec39?s=96&d=mm&r=g","url":"https:\/\/secure.gravatar.com\/avatar\/8abb64c57e6908ab4b70e2d2255a47f463944298cfe2ff80ad15b7e83ad6ec39?s=96&d=mm&r=g","contentUrl":"https:\/\/secure.gravatar.com\/avatar\/8abb64c57e6908ab4b70e2d2255a47f463944298cfe2ff80ad15b7e83ad6ec39?s=96&d=mm&r=g","caption":"Mac Edin"}}]}},"_links":{"self":[{"href":"https:\/\/www.prismatibro.se\/da\/wp-json\/wp\/v2\/posts\/39294","targetHints":{"allow":["GET"]}}],"collection":[{"href":"https:\/\/www.prismatibro.se\/da\/wp-json\/wp\/v2\/posts"}],"about":[{"href":"https:\/\/www.prismatibro.se\/da\/wp-json\/wp\/v2\/types\/post"}],"author":[{"embeddable":true,"href":"https:\/\/www.prismatibro.se\/da\/wp-json\/wp\/v2\/users\/18"}],"replies":[{"embeddable":true,"href":"https:\/\/www.prismatibro.se\/da\/wp-json\/wp\/v2\/comments?post=39294"}],"version-history":[{"count":5,"href":"https:\/\/www.prismatibro.se\/da\/wp-json\/wp\/v2\/posts\/39294\/revisions"}],"predecessor-version":[{"id":49727,"href":"https:\/\/www.prismatibro.se\/da\/wp-json\/wp\/v2\/posts\/39294\/revisions\/49727"}],"wp:featuredmedia":[{"embeddable":true,"href":"https:\/\/www.prismatibro.se\/da\/wp-json\/wp\/v2\/media\/31948"}],"wp:attachment":[{"href":"https:\/\/www.prismatibro.se\/da\/wp-json\/wp\/v2\/media?parent=39294"}],"wp:term":[{"taxonomy":"category","embeddable":true,"href":"https:\/\/www.prismatibro.se\/da\/wp-json\/wp\/v2\/categories?post=39294"},{"taxonomy":"post_tag","embeddable":true,"href":"https:\/\/www.prismatibro.se\/da\/wp-json\/wp\/v2\/tags?post=39294"}],"curies":[{"name":"wp","href":"https:\/\/api.w.org\/{rel}","templated":true}]}}